{"id":7878,"date":"2026-03-10T08:58:58","date_gmt":"2026-03-10T08:58:58","guid":{"rendered":"https:\/\/www.asaprisk.com\/?p=7878"},"modified":"2026-03-18T08:30:10","modified_gmt":"2026-03-18T08:30:10","slug":"assegurar-la-teva-flota-dautocars-les-claus","status":"publish","type":"post","link":"https:\/\/www.asaprisk.com\/ca\/assegurar-la-teva-flota-dautocars-les-claus\/","title":{"rendered":"Assegurar la teva flota d&#8217;autocars: les claus"},"content":{"rendered":"<div class=\"wpb-content-wrapper\">[vc_row remove_bottom_col_margin=&#8221;true&#8221; css=&#8221;.vc_custom_1770370174103{padding-bottom: 0px !important;}&#8221;][vc_column][vc_column_text css=&#8221;.vc_custom_1773822603842{padding-bottom: 20px !important;}&#8221;]\n<p class=\"p2\">Assegurar una flota d&#8217;autocars \u00e9s una decisi\u00f3 de gesti\u00f3 de riscos que afecta la continu\u00eftat del servei, a la reputaci\u00f3 de l&#8217;empresa i a l&#8217;estabilitat financera. En transport de viatgers, l&#8217;asseguran\u00e7a de flota ha de cobrir adequadament els escenaris m\u00e9s habituals de l&#8217;operativa: sinistres derivats de la circulaci\u00f3, atenci\u00f3 a passatgers en els sup\u00f2sits que corresponguin, i, molt especialment, incid\u00e8ncies en carretera que requereixen <b>assist\u00e8ncia i rescat<\/b>.<\/p>\n<p class=\"p2\">Per aix\u00f2, <b>assegurar la teva flota d&#8217;autocars <\/b>no hauria de comen\u00e7ar per comparar primes, sin\u00f3 per definir amb precisi\u00f3 les variables que realment determinen l&#8217;encaix i el preu: <b>\u00fas de l&#8217;autocar<\/b>, <b>nombre de places<\/b>, <b>\u00e0mbit de circulaci\u00f3 <\/b>(nacional\/UE\/internacional), <b>nombre d&#8217;autocars <\/b>i <b>sinistralitat<\/b>. Amb aquesta base, podr\u00e0s sol\u00b7licitar propostes comparables i evitar discrep\u00e0ncies que, en flotes, solen apar\u00e8ixer per una definici\u00f3 inicial incompleta.<\/p>\n<p class=\"p2\">Si vols ampliar l&#8217;enfocament espec\u00edfic de producte, pots consultar la informaci\u00f3 de l&#8217;asseguran\u00e7a <a href=\"https:\/\/www.asaprisk.com\/ca\/sectors\/assegurances-per-autocars\/\" target=\"_blank\" rel=\"noopener\"><span class=\"s2\"> per a autocars<\/span><\/a>.<\/p>\n<h2>L&#8217;obligatori per a assegurar la teva flota d&#8217;autocars<\/h2>\n<p class=\"p2\">Tota flota ha de complir amb el marc legal de la circulaci\u00f3 i, en el transport p\u00fablic de viatgers, conv\u00e9 tenir present l&#8217;abast de l&#8217;Asseguran\u00e7a <span class=\"s2\"> <a href=\"https:\/\/www.boe.es\/buscar\/act.php?id=BOE-A-1989-30474\" target=\"_blank\" rel=\"noopener\">Obligat\u00f2ria de Viatgers (SOVI) <\/a><\/span>en els sup\u00f2sits que corresponguin. En la pr\u00e0ctica, la <b>responsabilitat civil de circulaci\u00f3 <\/b>ve definida per la normativa de vehicles de motor quant a l\u00edmits i cobertures, per la qual cosa no \u00e9s un element \u201cconfigurable\u201d dins de l&#8217;asseguran\u00e7a obligat\u00f2ria del vehicle.<\/p>\n<p class=\"p2\">A partir d&#8217;aquesta base, la contractaci\u00f3 m\u00e9s habitual en flotes d&#8217;autocars s&#8217;estructura com a <b>Tercers + SOVI <\/b>i, segons necessitats, s&#8217;afegeixen garanties complement\u00e0ries t\u00edpiques del sector (per exemple, assist\u00e8ncia i llunes). L&#8217;objectiu real \u00e9s que l&#8217;asseguran\u00e7a contractada reflecteixi correctament el risc (\u00fas, places i \u00e0mbit) i respongui b\u00e9 en els escenaris m\u00e9s freq\u00fcents: reclamacions derivades de la circulaci\u00f3, gesti\u00f3 de passatgers en els sup\u00f2sits aplicables, assist\u00e8ncia efectiva i rescat quan el vehicle queda immobilitzat.<\/p>\n<h2>Quines cobertures s\u00f3n imprescindibles per a assegurar una flota d&#8217;autocars<\/h2>\n<p class=\"p2\">En un programa de flota ben plantejat, hi ha quatre \u00e0rees que conv\u00e9 revisar amb especial atenci\u00f3: RC obligat\u00f2ria (segons reial decret legislatiu 8\/2004, de 29 d&#8217;Octubre)\u00a0 + SOVI, danys propis (si aplica), assist\u00e8ncia i rescat, i \u00fas real.<\/p>\n<h3 class=\"p3\">Responsabilitat civil i defensa jur\u00eddica<\/h3>\n<p class=\"p1\">En l&#8217;asseguran\u00e7a de flota, la <b>RC de circulaci\u00f3 <\/b>est\u00e0 marcada pel marc legal de vehicles de motor; per tant, el punt cr\u00edtic no \u00e9s \u201cadaptar\u201d aquesta RC, sin\u00f3 assegurar-se que el programa de flota est\u00e0 correctament definit i que les cobertures complement\u00e0ries associades al vehicle (com la defensa jur\u00eddica, quan aplicaci\u00f3) s&#8217;ajusten a l&#8217;operativa.<\/p>\n<p class=\"p1\">Si el que es vol protegir \u00e9s la <b>responsabilitat civil de l&#8217;empresa transportista <\/b>(m\u00e9s enll\u00e0 de la circulaci\u00f3 del vehicle), aix\u00f2 pertany a l&#8217;\u00e0mbit de la RC d&#8217;activitat empresarial. \u00c9s una cobertura distinta de l&#8217;asseguran\u00e7a de l&#8217;autocar com a vehicle, i pot revisar-se com a complement mitjan\u00e7ant una <a href=\"https:\/\/www.asaprisk.com\/ca\/assegurances-per-a-empreses\/asseguranca-de-responsabilitat-civil\/\" target=\"_blank\" rel=\"noopener\"><span class=\"s1\">asseguran\u00e7a de responsabilitat civil<\/span><\/a>, quan l&#8217;an\u00e0lisi global del risc el requereixi.<\/p>\n<h3 class=\"p3\">Danys propis i franqu\u00edcies<\/h3>\n<p class=\"p1\">En autocars, el m\u00e9s habitual \u00e9s que la flota s&#8217;asseguri en <b>Tercers + SOVI <\/b>(i, en molts casos, amb assist\u00e8ncia i llunes). Les solucions de <b>danys propis <\/b>no s\u00f3n un est\u00e0ndard de mercat com en altres vehicles; quan existeixen plantejaments espec\u00edfics, solen treballar amb <b>franqu\u00edcies elevades<\/b>.<\/p>\n<p class=\"p1\">En aquest context, la decisi\u00f3 no sol estar a \u201ctriar entre moltes franqu\u00edcies\u201d, sin\u00f3 a valorar si compensa incorporar una soluci\u00f3 amb danys propis sota condicions concretes. En els esquemes especialitzats, \u00e9s habitual que les franqu\u00edcies se situ\u00efn en rangs definits (per exemple, 9.000 \u20ac o 12.000 \u20ac), la qual cosa delimita clarament el tipus de sinistre per al qual la cobertura resulta rellevant.<\/p>\n<p class=\"p1\">Si vols revisar aquest enfocament, aqu\u00ed tens l&#8217;asseguran\u00e7a <a href=\"https:\/\/www.asaprisk.com\/ca\/sectors\/assegurances-per-a-autocars-a-tot-risc\/\" target=\"_blank\" rel=\"noopener\"><span class=\"s1\"> d&#8217;autocars a tot risc<\/span><\/a>, ent\u00e8s com una soluci\u00f3 espec\u00edfica del sector i no com un \u201ctot risc cl\u00e0ssic\u201d de turisme.<\/p>\n<h3 class=\"p3\">Assist\u00e8ncia en carretera i continu\u00eftat del servei<\/h3>\n<p class=\"p1\">En flotes d&#8217;autocars, la \u201ccontinu\u00eftat\u201d no sol secundar-se en cobertures del tipus vehicle de substituci\u00f3; l&#8217;element m\u00e9s determinant, per freq\u00fc\u00e8ncia i impacte operatiu, sol ser l&#8217;assist\u00e8ncia <b> en carretera i el rescat<\/b>.<\/p>\n<p class=\"p1\">Per aix\u00f2, en revisar aquesta part conv\u00e9 centrar-se en aspectes operatius: qu\u00e8 es considera rescat, com es gestiona el remolcatge, quins l\u00edmits existeixen, quina cobertura geogr\u00e0fica aplica i com respon en condicions reals de servei (horaris, ubicacions, tipologia d&#8217;incid\u00e8ncia). En autocars, una assist\u00e8ncia mal dimensionada genera fricci\u00f3 recurrent perqu\u00e8 \u00e9s un dels punts amb major \u00fas.<\/p>\n<h3 class=\"p3\">\u00das declarat i activitat real<\/h3>\n<p class=\"p1\">En flotes, la cobertura ha de reflectir l&#8217;\u00fas <b> de l&#8217;autocar<\/b>, el <b>nombre de places <\/b>i l&#8217;\u00e0mbit <b> de circulaci\u00f3<\/b>. L&#8217;\u00fas sol definir-se en categories com: discrecional, escolar, interurb\u00e0, urb\u00e0, hist\u00f2ric o publicitari. En cadascuna d&#8217;elles ha d&#8217;especificar-se l&#8217;\u00e0mbit: nacional, UE o internacional.<\/p>\n<p class=\"p1\">Aquest bloc \u00e9s essencial perqu\u00e8 afecta directament l&#8217;encaix t\u00e8cnic i a la tarifaci\u00f3. El rellevant per a l&#8217;asseguran\u00e7a \u00e9s l&#8217;\u00fas <b><\/b>, les <b>places <\/b>i l&#8217;\u00e0mbit <b> de circulaci\u00f3<\/b>, a m\u00e9s de les cobertures contractades.<\/p>\n<h2>Segur d&#8217;autocars a tot risc: quan compensa<\/h2>\n<p class=\"p1\">La decisi\u00f3 sobre una <a href=\"https:\/\/www.asaprisk.com\/ca\/sectors\/assegurances-per-a-autocars-a-tot-risc\/\" target=\"_blank\" rel=\"noopener\"><span class=\"s1\">asseguran\u00e7a d&#8217;autocars a tot risc <\/span><\/a>ha de basar-se en el <b>valor de les unitats<\/b>, l&#8217;impacte econ\u00f2mic d&#8217;un sinistre d&#8217;una certa severitat i l&#8217;encaix amb un plantejament de <b>franqu\u00edcia alta<\/b>. At\u00e8s que el mercat est\u00e0ndard de flota es mou majorit\u00e0riament en Tercers + SOVI (i, en alguns casos, assist\u00e8ncia i llunes), aquesta opci\u00f3 sol considerar-se quan es busca cobrir escenaris concrets de danys propis sota condicions espec\u00edfiques.<\/p>\n<p class=\"p1\">Sol tenir m\u00e9s sentit valorar-ho quan hi ha autocars d&#8217;alt valor o quan, per la tipologia de servei, un sinistre rellevant pot generar un impacte econ\u00f2mic significatiu. En qualsevol cas, \u00e9s important entendre que no es tracta d&#8217;una modalitat amb m\u00faltiples opcions comparables en el mercat, sin\u00f3 d&#8217;un plantejament especialitzat i amb franqu\u00edcies normalment predefinides.<\/p>\n<h2>Qu\u00e8 influeix en el preu en assegurar la teva flota d&#8217;autocars<\/h2>\n<p class=\"p1\">Per a obtenir propostes comparables i competitives, conv\u00e9 entendre quines variables s&#8217;utilitzen realment en avaluar una flota d&#8217;autocars. En termes generals, el preu s&#8217;explica principalment per <b>sinistralitat<\/b>, <b>nombre d&#8217;autocars <\/b>i <b>\u00fas<\/b>.<\/p>\n<h3 class=\"p3\">Tipus de servei i rutes<\/h3>\n<p class=\"p1\">El tipus de servei (discrecional, escolar, interurb\u00e0, urb\u00e0, etc.) i l&#8217;\u00e0mbit de circulaci\u00f3 (nacional\/UE\/internacional) s\u00f3n variables directes de tarifaci\u00f3. Tamb\u00e9 influeix el nombre de places, perqu\u00e8 forma part de la definici\u00f3 del risc en transport de viatgers.<\/p>\n<h3 class=\"p3\">Conductors i control operatiu<\/h3>\n<p class=\"p1\">En la pr\u00e0ctica, l&#8217;asseguran\u00e7a de flota no sol tarifar-se en funci\u00f3 del detall de conductors. A nivell de mercat, el pes principal est\u00e0 en la sinistralitat i en les variables estructurals de la flota. Dit aix\u00f2, des de la perspectiva de gesti\u00f3 de riscos, mantenir procediments interns s\u00f2lids pot ajudar a reduir incid\u00e8ncia i, amb el temps, millorar el perfil de sinistralitat.<\/p>\n<h3 class=\"p3\">Antiguitat, valor i manteniment<\/h3>\n<p class=\"p1\">L&#8217;antiguitat i el valor de les unitats poden influir en el plantejament t\u00e8cnic, especialment quan s&#8217;analitzen solucions espec\u00edfiques o escenaris de cost de reparaci\u00f3. No obstant aix\u00f2, el manteniment i els controls interns, com a regla general, no solen ser variables de tarifaci\u00f3 directes en l&#8217;asseguran\u00e7a de flota; el mercat tendeix a recolzar-se m\u00e9s en dades objectives com a \u00fas, places, \u00e0mbit, grand\u00e0ria de flota i sinistralitat.<\/p>\n<h3 class=\"p3\">Sinistralitat i tend\u00e8ncia<\/h3>\n<p class=\"p1\">\u00c9s el factor amb major pes. No sols importa la freq\u00fc\u00e8ncia, sin\u00f3 la tipologia i la severitat. Presentar un resum de sinistralitat clar facilita propostes m\u00e9s ajustades i comparables.<\/p>\n<h2>Errors comuns en assegurar la teva flota d&#8217;autocars<\/h2>\n<p><img decoding=\"async\" style=\"max-width: 100%; height: auto;\" src=\"https:\/\/www.asaprisk.com\/wp-content\/uploads\/2026\/03\/assegura-la-teva-flota-autocars.jpg\" alt=\"Errors comuns en assegurar la teva flota d'autocars\" \/><\/p>\n<p class=\"p1\">Hi ha tres errors especialment habituals.<\/p>\n<p class=\"p1\">El primer \u00e9s declarar un <b>\u00fas <\/b>que no es correspon amb l&#8217;operativa real (o no especificar-lo correctament), o deixar incomplet l&#8217;\u00e0mbit <b> de circulaci\u00f3<\/b>. El segon \u00e9s no verificar que el <b>nombre de places <\/b>coincideix amb la documentaci\u00f3 del vehicle, la qual cosa pot generar ajustos i discrep\u00e0ncies. El tercer \u00e9s infravalorar la import\u00e0ncia de l&#8217;assist\u00e8ncia <b> i el rescat<\/b>: en autocars, aquest bloc sol ser l&#8217;origen d&#8217;incid\u00e8ncies repetitives per freq\u00fc\u00e8ncia i per impacte operatiu.<\/p>\n<p class=\"p1\">A m\u00e9s, conv\u00e9 recordar que la majoria de flotes s&#8217;asseguren en Tercers + SOVI, i en alguns casos amb assist\u00e8ncia i llunes; per tant, el focus de comparaci\u00f3 ha d&#8217;estar a definir correctament el risc (\u00fas, places, \u00e0mbit) i a revisar amb detall l&#8217;assist\u00e8ncia i el rescat, m\u00e9s que en elements que no solen ser determinants en aquest producte.<\/p>\n<h2>Quines dades necessites per a demanar pressupost<\/h2>\n<p class=\"p1\">Perqu\u00e8 una proposta sigui \u00fatil i comparable, no necessites preparar un dossier complex. Amb informaci\u00f3 essencial, la p\u00f2lissa s&#8217;ajusta millor des de l&#8217;inici:<\/p>\n<p class=\"p1\">Composici\u00f3 de flota: nombre d&#8217;autocars i, per a cada unitat, <b>places <\/b>i caracter\u00edstiques b\u00e0siques.<\/p>\n<p class=\"p1\">Operativa: <b>\u00fas <\/b>(discrecional\/escolar\/interurb\u00e0\/urb\u00e0\/hist\u00f2ric\/publicitari) i <b>\u00e0mbit de circulaci\u00f3 <\/b>(nacional\/UE\/internacional).<\/p>\n<p class=\"p1\">Sinistralitat: resum dels \u00faltims anys per tipologia i severitat.<\/p>\n<p class=\"p1\">Cobertures a incloure: si, a m\u00e9s de la base de Tercers + SOVI, necessites <b>assist\u00e8ncia <\/b>i\/o <b>llunes<\/b>, i si escau valorar una soluci\u00f3 espec\u00edfica com a <a href=\"https:\/\/www.asaprisk.com\/ca\/sectors\/assegurances-per-a-autocars-a-tot-risc\/\" target=\"_blank\" rel=\"noopener\"><span class=\"s1\">autocars a tot risc<\/span><\/a>.<\/p>\n<p class=\"p1\">Amb aquestes dades, \u00e9s possible plantejar una soluci\u00f3 espec\u00edfica d&#8217;asseguran\u00e7a <a href=\"https:\/\/www.asaprisk.com\/ca\/sectors\/assegurances-per-autocars\/\" target=\"_blank\" rel=\"noopener\"><span class=\"s1\"> per a autocars <\/span><\/a>i comparar propostes en condicions equivalents.<\/p>\n[\/vc_column_text]<h2 class=\"vcex-heading vcex-heading-plain vcex-module wpex-heading wpex-text-2xl wpex-mt-15 wpex-mb-20\"><span class=\"vcex-heading-inner wpex-inline-block\">Preguntes freq\u00fcents sobre assegurar una flota d'autocars<\/span><\/h2>[vc_toggle title=&#8221;Conv\u00e9 assegurar tota la flota a tot risc?&#8221; custom_font_container=&#8221;tag:h3|font_size:18px|text_align:left&#8221; custom_use_theme_fonts=&#8221;yes&#8221; css=&#8221;&#8221; use_custom_heading=&#8221;true&#8221;]\n<p class=\"p1\">Dep\u00e8n del valor de les unitats, de l&#8217;impacte econ\u00f2mic que tindria un sinistre sever i de l&#8217;encaix amb un plantejament de franqu\u00edcia alta. En flotes, el m\u00e9s habitual continua sent Tercers + SOV, i el \u201ctot risc\u201d es valora com a soluci\u00f3 espec\u00edfica en casos concrets.<\/p>\n[\/vc_toggle][vc_toggle title=&#8221;Qu\u00e8 ocorre si canvia l&#8217;\u00fas del vehicle durant l&#8217;any?&#8221; custom_font_container=&#8221;tag:h3|font_size:18px|text_align:left&#8221; custom_use_theme_fonts=&#8221;yes&#8221; css=&#8221;&#8221; use_custom_heading=&#8221;true&#8221;]\n<p class=\"p1\">Conv\u00e9 ajustar la p\u00f2lissa si canvia l&#8217;\u00fas <b> <\/b>o l&#8217;\u00e0mbit <b> de circulaci\u00f3<\/b>, perqu\u00e8 s\u00f3n variables que defineixen el risc. En aquest producte, el rellevant per a l&#8217;encaix no s\u00f3n canvis de rutes, sin\u00f3 l&#8217;\u00fas, les places i l&#8217;\u00e0mbit.<\/p>\n[\/vc_toggle][vc_toggle title=&#8221;Quins elements generen m\u00e9s difer\u00e8ncies entre p\u00f2lisses similars?&#8221; custom_font_container=&#8221;tag:h3|font_size:18px|text_align:left&#8221; custom_use_theme_fonts=&#8221;yes&#8221; css=&#8221;&#8221; use_custom_heading=&#8221;true&#8221;]\n<p class=\"p1\">Solen marcar la difer\u00e8ncia l&#8217;assist\u00e8ncia <b> i el rescat <\/b>(condicions i abast), a m\u00e9s de que l&#8217;\u00fas, places i \u00e0mbit estiguin correctament declarats. En flotes, comparar \u201cper preu\u201d sense assegurar equival\u00e8ncies en aquestes variables sol generar conclusions err\u00f2nies.<\/p>\n[\/vc_toggle][vc_column_text css=&#8221;&#8221;]\n<p class=\"p1\">Assegurar la teva flota d&#8217;autocars de manera professional implica definir amb precisi\u00f3 l&#8217;\u00fas <b><\/b>, les <b>places <\/b>i l&#8217;\u00e0mbit <b> de circulaci\u00f3<\/b>, i donar prioritat a un bloc especialment rellevant per freq\u00fc\u00e8ncia i impacte: l&#8217;assist\u00e8ncia <b> en carretera i el rescat<\/b>. A partir d&#8217;aqu\u00ed, la <b>sinistralitat <\/b>i el <b>nombre d&#8217;autocars <\/b>condicionen en gran manera el preu i les condicions finals. Si la teva empresa necessita valorar solucions menys habituals en el mercat, pot tenir sentit estudiar una alternativa espec\u00edfica com l&#8217;asseguran\u00e7a <a href=\"https:\/\/www.asaprisk.com\/ca\/sectors\/assegurances-per-a-autocars-a-tot-risc\/\" target=\"_blank\" rel=\"noopener\"><span class=\"s1\"> d&#8217;autocars a tot risc<\/span><\/a>. Per a sol\u00b7licitar una proposta ajustada a la teva flota, pots gestionar-ho des de <a href=\"https:\/\/www.asaprisk.com\/ca\/contacte\/\" target=\"_blank\" rel=\"noopener\"><span class=\"s1\">Contacte<\/span><\/a>.<\/p>\n[\/vc_column_text][\/vc_column][\/vc_row]\n<\/div>","protected":false},"excerpt":{"rendered":"<p>[vc_row remove_bottom_col_margin=&#8221;true&#8221; css=&#8221;.vc_custom_1770370174103{padding-bottom: 0px !important;}&#8221;][vc_column][vc_column_text css=&#8221;.vc_custom_1773822603842{padding-bottom: 20px !important;}&#8221;] Assegurar una flota d&#8217;autocars \u00e9s una decisi\u00f3 de gesti\u00f3 de riscos que afecta la continu\u00eftat del servei, a la reputaci\u00f3 de l&#8217;empresa i a l&#8217;estabilitat financera. En transport de viatgers, l&#8217;asseguran\u00e7a de flota ha de cobrir adequadament els escenaris m\u00e9s habituals de l&#8217;operativa: sinistres derivats de la&hellip;<\/p>\n","protected":false},"author":1,"featured_media":7931,"comment_status":"open","ping_status":"open","sticky":false,"template":"","format":"standard","meta":{"_joinchat":[],"footnotes":""},"categories":[109],"tags":[],"post_series":[],"class_list":["post-7878","post","type-post","status-publish","format-standard","has-post-thumbnail","hentry","category-assegurances-per-a-empreses","entry","has-media"],"yoast_head":"<!-- This site is optimized with the Yoast SEO plugin v26.9 - https:\/\/yoast.com\/product\/yoast-seo-wordpress\/ -->\n<title>Assegurar la teva flota d&#039;autocars: les claus - Asap Risk<\/title>\n<meta name=\"description\" content=\"T&#039;expliquem com assegurar la teva flota d&#039;autocars: cobertures clau, franqu\u00edcies, assist\u00e8ncia, tot risc i checklist per a demanar pressupost.\" \/>\n<meta name=\"robots\" content=\"index, follow, max-snippet:-1, max-image-preview:large, max-video-preview:-1\" \/>\n<link rel=\"canonical\" href=\"https:\/\/www.asaprisk.com\/ca\/assegurar-la-teva-flota-dautocars-les-claus\/\" \/>\n<meta property=\"og:locale\" content=\"ca_ES\" \/>\n<meta property=\"og:type\" content=\"article\" \/>\n<meta property=\"og:title\" content=\"Assegurar la teva flota d&#039;autocars: les claus - Asap Risk\" \/>\n<meta property=\"og:description\" content=\"T&#039;expliquem com assegurar la teva flota d&#039;autocars: cobertures clau, franqu\u00edcies, assist\u00e8ncia, tot risc i checklist per a demanar pressupost.\" \/>\n<meta property=\"og:url\" content=\"https:\/\/www.asaprisk.com\/ca\/assegurar-la-teva-flota-dautocars-les-claus\/\" \/>\n<meta property=\"og:site_name\" content=\"Asap Risk\" \/>\n<meta property=\"article:published_time\" content=\"2026-03-10T08:58:58+00:00\" \/>\n<meta property=\"article:modified_time\" content=\"2026-03-18T08:30:10+00:00\" \/>\n<meta property=\"og:image\" content=\"https:\/\/www.asaprisk.com\/wp-content\/uploads\/2026\/03\/assegurar-la-teva-flota-autocars-les-claus.jpg\" \/>\n\t<meta property=\"og:image:width\" content=\"1200\" \/>\n\t<meta property=\"og:image:height\" content=\"800\" \/>\n\t<meta property=\"og:image:type\" content=\"image\/jpeg\" \/>\n<meta name=\"author\" content=\"admin\" \/>\n<meta name=\"twitter:card\" content=\"summary_large_image\" \/>\n<meta name=\"twitter:label1\" content=\"Escrit per\" \/>\n\t<meta name=\"twitter:data1\" content=\"admin\" \/>\n\t<meta name=\"twitter:label2\" content=\"Temps estimat de lectura\" \/>\n\t<meta name=\"twitter:data2\" content=\"9 minuts\" \/>\n<script type=\"application\/ld+json\" class=\"yoast-schema-graph\">{\"@context\":\"https:\/\/schema.org\",\"@graph\":[{\"@type\":\"Article\",\"@id\":\"https:\/\/www.asaprisk.com\/ca\/assegurar-la-teva-flota-dautocars-les-claus\/#article\",\"isPartOf\":{\"@id\":\"https:\/\/www.asaprisk.com\/ca\/assegurar-la-teva-flota-dautocars-les-claus\/\"},\"author\":{\"name\":\"admin\",\"@id\":\"https:\/\/www.asaprisk.com\/#\/schema\/person\/9d0a92fbeb3d7c3e974dc1249a481f31\"},\"headline\":\"Assegurar la teva flota d&#8217;autocars: les claus\",\"datePublished\":\"2026-03-10T08:58:58+00:00\",\"dateModified\":\"2026-03-18T08:30:10+00:00\",\"mainEntityOfPage\":{\"@id\":\"https:\/\/www.asaprisk.com\/ca\/assegurar-la-teva-flota-dautocars-les-claus\/\"},\"wordCount\":2041,\"commentCount\":0,\"publisher\":{\"@id\":\"https:\/\/www.asaprisk.com\/#organization\"},\"image\":{\"@id\":\"https:\/\/www.asaprisk.com\/ca\/assegurar-la-teva-flota-dautocars-les-claus\/#primaryimage\"},\"thumbnailUrl\":\"https:\/\/www.asaprisk.com\/wp-content\/uploads\/2026\/03\/assegurar-la-teva-flota-autocars-les-claus.jpg\",\"articleSection\":[\"Assegurances per a empreses\"],\"inLanguage\":\"ca\",\"potentialAction\":[{\"@type\":\"CommentAction\",\"name\":\"Comment\",\"target\":[\"https:\/\/www.asaprisk.com\/ca\/assegurar-la-teva-flota-dautocars-les-claus\/#respond\"]}]},{\"@type\":\"WebPage\",\"@id\":\"https:\/\/www.asaprisk.com\/ca\/assegurar-la-teva-flota-dautocars-les-claus\/\",\"url\":\"https:\/\/www.asaprisk.com\/ca\/assegurar-la-teva-flota-dautocars-les-claus\/\",\"name\":\"Assegurar la teva flota d'autocars: les claus - Asap Risk\",\"isPartOf\":{\"@id\":\"https:\/\/www.asaprisk.com\/#website\"},\"primaryImageOfPage\":{\"@id\":\"https:\/\/www.asaprisk.com\/ca\/assegurar-la-teva-flota-dautocars-les-claus\/#primaryimage\"},\"image\":{\"@id\":\"https:\/\/www.asaprisk.com\/ca\/assegurar-la-teva-flota-dautocars-les-claus\/#primaryimage\"},\"thumbnailUrl\":\"https:\/\/www.asaprisk.com\/wp-content\/uploads\/2026\/03\/assegurar-la-teva-flota-autocars-les-claus.jpg\",\"datePublished\":\"2026-03-10T08:58:58+00:00\",\"dateModified\":\"2026-03-18T08:30:10+00:00\",\"description\":\"T'expliquem com assegurar la teva flota d'autocars: cobertures clau, franqu\u00edcies, assist\u00e8ncia, tot risc i checklist per a demanar pressupost.\",\"breadcrumb\":{\"@id\":\"https:\/\/www.asaprisk.com\/ca\/assegurar-la-teva-flota-dautocars-les-claus\/#breadcrumb\"},\"inLanguage\":\"ca\",\"potentialAction\":[{\"@type\":\"ReadAction\",\"target\":[\"https:\/\/www.asaprisk.com\/ca\/assegurar-la-teva-flota-dautocars-les-claus\/\"]}]},{\"@type\":\"ImageObject\",\"inLanguage\":\"ca\",\"@id\":\"https:\/\/www.asaprisk.com\/ca\/assegurar-la-teva-flota-dautocars-les-claus\/#primaryimage\",\"url\":\"https:\/\/www.asaprisk.com\/wp-content\/uploads\/2026\/03\/assegurar-la-teva-flota-autocars-les-claus.jpg\",\"contentUrl\":\"https:\/\/www.asaprisk.com\/wp-content\/uploads\/2026\/03\/assegurar-la-teva-flota-autocars-les-claus.jpg\",\"width\":1200,\"height\":800,\"caption\":\"T'expliquem com assegurar la teva flota d'autocars.\"},{\"@type\":\"BreadcrumbList\",\"@id\":\"https:\/\/www.asaprisk.com\/ca\/assegurar-la-teva-flota-dautocars-les-claus\/#breadcrumb\",\"itemListElement\":[{\"@type\":\"ListItem\",\"position\":1,\"name\":\"Home\",\"item\":\"https:\/\/www.asaprisk.com\/ca\/\"},{\"@type\":\"ListItem\",\"position\":2,\"name\":\"Assegurar la teva flota d&#8217;autocars: les claus\"}]},{\"@type\":\"WebSite\",\"@id\":\"https:\/\/www.asaprisk.com\/#website\",\"url\":\"https:\/\/www.asaprisk.com\/\",\"name\":\"Asap Risk\",\"description\":\"La teva corredoria d\u2019assegurances. El teu partner.\",\"publisher\":{\"@id\":\"https:\/\/www.asaprisk.com\/#organization\"},\"potentialAction\":[{\"@type\":\"SearchAction\",\"target\":{\"@type\":\"EntryPoint\",\"urlTemplate\":\"https:\/\/www.asaprisk.com\/?s={search_term_string}\"},\"query-input\":{\"@type\":\"PropertyValueSpecification\",\"valueRequired\":true,\"valueName\":\"search_term_string\"}}],\"inLanguage\":\"ca\"},{\"@type\":\"Organization\",\"@id\":\"https:\/\/www.asaprisk.com\/#organization\",\"name\":\"Asap Risk\",\"url\":\"https:\/\/www.asaprisk.com\/\",\"logo\":{\"@type\":\"ImageObject\",\"inLanguage\":\"ca\",\"@id\":\"https:\/\/www.asaprisk.com\/#\/schema\/logo\/image\/\",\"url\":\"https:\/\/www.asaprisk.com\/wp-content\/uploads\/2025\/10\/logo-blanc.png\",\"contentUrl\":\"https:\/\/www.asaprisk.com\/wp-content\/uploads\/2025\/10\/logo-blanc.png\",\"width\":2218,\"height\":346,\"caption\":\"Asap Risk\"},\"image\":{\"@id\":\"https:\/\/www.asaprisk.com\/#\/schema\/logo\/image\/\"}},{\"@type\":\"Person\",\"@id\":\"https:\/\/www.asaprisk.com\/#\/schema\/person\/9d0a92fbeb3d7c3e974dc1249a481f31\",\"name\":\"admin\",\"image\":{\"@type\":\"ImageObject\",\"inLanguage\":\"ca\",\"@id\":\"https:\/\/www.asaprisk.com\/#\/schema\/person\/image\/\",\"url\":\"https:\/\/secure.gravatar.com\/avatar\/b700de3fbacf65d2172195421a8a4e102dc309b05c27fcba8fef83dc40c8a1af?s=96&d=mm&r=g\",\"contentUrl\":\"https:\/\/secure.gravatar.com\/avatar\/b700de3fbacf65d2172195421a8a4e102dc309b05c27fcba8fef83dc40c8a1af?s=96&d=mm&r=g\",\"caption\":\"admin\"},\"url\":\"https:\/\/www.asaprisk.com\/ca\/author\/admin2\/\"}]}<\/script>\n<!-- \/ Yoast SEO plugin. -->","yoast_head_json":{"title":"Assegurar la teva flota d'autocars: les claus - Asap Risk","description":"T'expliquem com assegurar la teva flota d'autocars: cobertures clau, franqu\u00edcies, assist\u00e8ncia, tot risc i checklist per a demanar pressupost.","robots":{"index":"index","follow":"follow","max-snippet":"max-snippet:-1","max-image-preview":"max-image-preview:large","max-video-preview":"max-video-preview:-1"},"canonical":"https:\/\/www.asaprisk.com\/ca\/assegurar-la-teva-flota-dautocars-les-claus\/","og_locale":"ca_ES","og_type":"article","og_title":"Assegurar la teva flota d'autocars: les claus - Asap Risk","og_description":"T'expliquem com assegurar la teva flota d'autocars: cobertures clau, franqu\u00edcies, assist\u00e8ncia, tot risc i checklist per a demanar pressupost.","og_url":"https:\/\/www.asaprisk.com\/ca\/assegurar-la-teva-flota-dautocars-les-claus\/","og_site_name":"Asap Risk","article_published_time":"2026-03-10T08:58:58+00:00","article_modified_time":"2026-03-18T08:30:10+00:00","og_image":[{"width":1200,"height":800,"url":"https:\/\/www.asaprisk.com\/wp-content\/uploads\/2026\/03\/assegurar-la-teva-flota-autocars-les-claus.jpg","type":"image\/jpeg"}],"author":"admin","twitter_card":"summary_large_image","twitter_misc":{"Escrit per":"admin","Temps estimat de lectura":"9 minuts"},"schema":{"@context":"https:\/\/schema.org","@graph":[{"@type":"Article","@id":"https:\/\/www.asaprisk.com\/ca\/assegurar-la-teva-flota-dautocars-les-claus\/#article","isPartOf":{"@id":"https:\/\/www.asaprisk.com\/ca\/assegurar-la-teva-flota-dautocars-les-claus\/"},"author":{"name":"admin","@id":"https:\/\/www.asaprisk.com\/#\/schema\/person\/9d0a92fbeb3d7c3e974dc1249a481f31"},"headline":"Assegurar la teva flota d&#8217;autocars: les claus","datePublished":"2026-03-10T08:58:58+00:00","dateModified":"2026-03-18T08:30:10+00:00","mainEntityOfPage":{"@id":"https:\/\/www.asaprisk.com\/ca\/assegurar-la-teva-flota-dautocars-les-claus\/"},"wordCount":2041,"commentCount":0,"publisher":{"@id":"https:\/\/www.asaprisk.com\/#organization"},"image":{"@id":"https:\/\/www.asaprisk.com\/ca\/assegurar-la-teva-flota-dautocars-les-claus\/#primaryimage"},"thumbnailUrl":"https:\/\/www.asaprisk.com\/wp-content\/uploads\/2026\/03\/assegurar-la-teva-flota-autocars-les-claus.jpg","articleSection":["Assegurances per a empreses"],"inLanguage":"ca","potentialAction":[{"@type":"CommentAction","name":"Comment","target":["https:\/\/www.asaprisk.com\/ca\/assegurar-la-teva-flota-dautocars-les-claus\/#respond"]}]},{"@type":"WebPage","@id":"https:\/\/www.asaprisk.com\/ca\/assegurar-la-teva-flota-dautocars-les-claus\/","url":"https:\/\/www.asaprisk.com\/ca\/assegurar-la-teva-flota-dautocars-les-claus\/","name":"Assegurar la teva flota d'autocars: les claus - Asap Risk","isPartOf":{"@id":"https:\/\/www.asaprisk.com\/#website"},"primaryImageOfPage":{"@id":"https:\/\/www.asaprisk.com\/ca\/assegurar-la-teva-flota-dautocars-les-claus\/#primaryimage"},"image":{"@id":"https:\/\/www.asaprisk.com\/ca\/assegurar-la-teva-flota-dautocars-les-claus\/#primaryimage"},"thumbnailUrl":"https:\/\/www.asaprisk.com\/wp-content\/uploads\/2026\/03\/assegurar-la-teva-flota-autocars-les-claus.jpg","datePublished":"2026-03-10T08:58:58+00:00","dateModified":"2026-03-18T08:30:10+00:00","description":"T'expliquem com assegurar la teva flota d'autocars: cobertures clau, franqu\u00edcies, assist\u00e8ncia, tot risc i checklist per a demanar pressupost.","breadcrumb":{"@id":"https:\/\/www.asaprisk.com\/ca\/assegurar-la-teva-flota-dautocars-les-claus\/#breadcrumb"},"inLanguage":"ca","potentialAction":[{"@type":"ReadAction","target":["https:\/\/www.asaprisk.com\/ca\/assegurar-la-teva-flota-dautocars-les-claus\/"]}]},{"@type":"ImageObject","inLanguage":"ca","@id":"https:\/\/www.asaprisk.com\/ca\/assegurar-la-teva-flota-dautocars-les-claus\/#primaryimage","url":"https:\/\/www.asaprisk.com\/wp-content\/uploads\/2026\/03\/assegurar-la-teva-flota-autocars-les-claus.jpg","contentUrl":"https:\/\/www.asaprisk.com\/wp-content\/uploads\/2026\/03\/assegurar-la-teva-flota-autocars-les-claus.jpg","width":1200,"height":800,"caption":"T'expliquem com assegurar la teva flota d'autocars."},{"@type":"BreadcrumbList","@id":"https:\/\/www.asaprisk.com\/ca\/assegurar-la-teva-flota-dautocars-les-claus\/#breadcrumb","itemListElement":[{"@type":"ListItem","position":1,"name":"Home","item":"https:\/\/www.asaprisk.com\/ca\/"},{"@type":"ListItem","position":2,"name":"Assegurar la teva flota d&#8217;autocars: les claus"}]},{"@type":"WebSite","@id":"https:\/\/www.asaprisk.com\/#website","url":"https:\/\/www.asaprisk.com\/","name":"Asap Risk","description":"La teva corredoria d\u2019assegurances. El teu partner.","publisher":{"@id":"https:\/\/www.asaprisk.com\/#organization"},"potentialAction":[{"@type":"SearchAction","target":{"@type":"EntryPoint","urlTemplate":"https:\/\/www.asaprisk.com\/?s={search_term_string}"},"query-input":{"@type":"PropertyValueSpecification","valueRequired":true,"valueName":"search_term_string"}}],"inLanguage":"ca"},{"@type":"Organization","@id":"https:\/\/www.asaprisk.com\/#organization","name":"Asap Risk","url":"https:\/\/www.asaprisk.com\/","logo":{"@type":"ImageObject","inLanguage":"ca","@id":"https:\/\/www.asaprisk.com\/#\/schema\/logo\/image\/","url":"https:\/\/www.asaprisk.com\/wp-content\/uploads\/2025\/10\/logo-blanc.png","contentUrl":"https:\/\/www.asaprisk.com\/wp-content\/uploads\/2025\/10\/logo-blanc.png","width":2218,"height":346,"caption":"Asap Risk"},"image":{"@id":"https:\/\/www.asaprisk.com\/#\/schema\/logo\/image\/"}},{"@type":"Person","@id":"https:\/\/www.asaprisk.com\/#\/schema\/person\/9d0a92fbeb3d7c3e974dc1249a481f31","name":"admin","image":{"@type":"ImageObject","inLanguage":"ca","@id":"https:\/\/www.asaprisk.com\/#\/schema\/person\/image\/","url":"https:\/\/secure.gravatar.com\/avatar\/b700de3fbacf65d2172195421a8a4e102dc309b05c27fcba8fef83dc40c8a1af?s=96&d=mm&r=g","contentUrl":"https:\/\/secure.gravatar.com\/avatar\/b700de3fbacf65d2172195421a8a4e102dc309b05c27fcba8fef83dc40c8a1af?s=96&d=mm&r=g","caption":"admin"},"url":"https:\/\/www.asaprisk.com\/ca\/author\/admin2\/"}]}},"_links":{"self":[{"href":"https:\/\/www.asaprisk.com\/ca\/wp-json\/wp\/v2\/posts\/7878","targetHints":{"allow":["GET"]}}],"collection":[{"href":"https:\/\/www.asaprisk.com\/ca\/wp-json\/wp\/v2\/posts"}],"about":[{"href":"https:\/\/www.asaprisk.com\/ca\/wp-json\/wp\/v2\/types\/post"}],"author":[{"embeddable":true,"href":"https:\/\/www.asaprisk.com\/ca\/wp-json\/wp\/v2\/users\/1"}],"replies":[{"embeddable":true,"href":"https:\/\/www.asaprisk.com\/ca\/wp-json\/wp\/v2\/comments?post=7878"}],"version-history":[{"count":6,"href":"https:\/\/www.asaprisk.com\/ca\/wp-json\/wp\/v2\/posts\/7878\/revisions"}],"predecessor-version":[{"id":7933,"href":"https:\/\/www.asaprisk.com\/ca\/wp-json\/wp\/v2\/posts\/7878\/revisions\/7933"}],"wp:featuredmedia":[{"embeddable":true,"href":"https:\/\/www.asaprisk.com\/ca\/wp-json\/wp\/v2\/media\/7931"}],"wp:attachment":[{"href":"https:\/\/www.asaprisk.com\/ca\/wp-json\/wp\/v2\/media?parent=7878"}],"wp:term":[{"taxonomy":"category","embeddable":true,"href":"https:\/\/www.asaprisk.com\/ca\/wp-json\/wp\/v2\/categories?post=7878"},{"taxonomy":"post_tag","embeddable":true,"href":"https:\/\/www.asaprisk.com\/ca\/wp-json\/wp\/v2\/tags?post=7878"},{"taxonomy":"post_series","embeddable":true,"href":"https:\/\/www.asaprisk.com\/ca\/wp-json\/wp\/v2\/post_series?post=7878"}],"curies":[{"name":"wp","href":"https:\/\/api.w.org\/{rel}","templated":true}]}}